{"id":556,"date":"2019-04-11T15:25:16","date_gmt":"2019-04-11T13:25:16","guid":{"rendered":"https:\/\/www.azti.es\/atuneroscongeladores\/?p=556"},"modified":"2020-09-23T19:28:40","modified_gmt":"2020-09-23T17:28:40","slug":"segundo-taller-del-proyecto-biofad","status":"publish","type":"post","link":"https:\/\/www.azti.es\/atuneroscongeladores\/segundo-taller-del-proyecto-biofad\/","title":{"rendered":"Segundo Taller del Proyecto BIOFAD"},"content":{"rendered":"<p>[cmsms_row data_padding_bottom=\u00bb20&#8243; data_padding_top=\u00bb0&#8243; data_color=\u00bbdefault\u00bb data_width=\u00bbboxed\u00bb][cmsms_column data_width=\u00bb1\/2&#8243;][cmsms_text animation_delay=\u00bb0&#8243;]<\/p>\n<p>Los d\u00edas 4-5 de abril tuvo lugar el Segundo Taller del Proyecto BIOFAD, un encuentro entre la flota atunera congeladora de cerco de at\u00fan tropical compuesta por las asociaciones espa\u00f1olas (OPAGAC y ANABAC) y la francesa (ORTHONGEL), la fundaci\u00f3n ISSF y Cient\u00edficos del IEO, IRD y AZTI en el centro de biodiversidad \u201cEkoetxea\u201d en Bizkaia.<\/p>\n<p>[\/cmsms_text][\/cmsms_column][cmsms_column data_width=\u00bb1\/2&#8243;][cmsms_image align=\u00bbleft\u00bb animation_delay=\u00bb0&#8243;]557|https:\/\/www.azti.es\/atuneroscongeladores\/wp-content\/uploads\/2019\/04\/biofad2.jpg|full[\/cmsms_image][\/cmsms_column][\/cmsms_row][cmsms_row data_padding_left=\u00bb3&#8243; data_padding_right=\u00bb3&#8243; data_bg_color=\u00bb#ffffff\u00bb data_bg_position=\u00bbtop center\u00bb data_bg_repeat=\u00bbno-repeat\u00bb data_bg_attachment=\u00bbscroll\u00bb data_bg_size=\u00bbcover\u00bb data_bg_parallax_ratio=\u00bb0.5&#8243; data_color_overlay=\u00bb#000000&#8243; data_overlay_opacity=\u00bb50&#8243; data_padding_bottom=\u00bb50&#8243; data_padding_top=\u00bb0&#8243; data_color=\u00bbdefault\u00bb data_width=\u00bbboxed\u00bb][cmsms_column data_width=\u00bb1\/1&#8243;][cmsms_text animation_delay=\u00bb0&#8243;]<\/p>\n<p>El taller tuvo como objetivo evaluar el desarrollo del proyecto <a href=\"https:\/\/www.azti.es\/proyectos\/biofad\/\" target=\"_blank\" rel=\"noopener noreferrer\">BIOFAD<\/a>, que desde agosto del 2017 se desarrolla en el Oc\u00e9ano \u00cdndico. Este proyecto financiado por la Uni\u00f3n Europea pretende testar DCPs Biodegradables con el fin de minimizar el impacto de esta pesquer\u00eda en el ecosistema marino. A lo largo de este evento, los cient\u00edfico y miembros de la industria, intercambiaron ideas para planificar los pr\u00f3ximos meses del proyecto.<\/p>\n<p>[\/cmsms_text][\/cmsms_column][\/cmsms_row]<\/p>\n","protected":false},"excerpt":{"rendered":"<p>[cmsms_row data_padding_bottom=\u00bb20&#8243; data_padding_top=\u00bb0&#8243; data_color=\u00bbdefault\u00bb data_width=\u00bbboxed\u00bb][cmsms_column data_width=\u00bb1\/2&#8243;][cmsms_text animation_delay=\u00bb0&#8243;] Los d\u00edas 4-5 de abril tuvo lugar el Segundo Taller del Proyecto BIOFAD, un encuentro entre la flota atunera congeladora de cerco de at\u00fan tropical compuesta por las asociaciones espa\u00f1olas (OPAGAC y ANABAC) y la francesa (ORTHONGEL), la fundaci\u00f3n ISSF y Cient\u00edficos del IEO, IRD y AZTI en [&hellip;]<\/p>\n","protected":false},"author":6,"featured_media":557,"comment_status":"open","ping_status":"open","sticky":false,"template":"","format":"standard","meta":{"footnotes":""},"categories":[1],"tags":[],"class_list":["post-556","post","type-post","status-publish","format-standard","has-post-thumbnail","hentry","category-sin-categoria"],"_links":{"self":[{"href":"https:\/\/www.azti.es\/atuneroscongeladores\/wp-json\/wp\/v2\/posts\/556","targetHints":{"allow":["GET"]}}],"collection":[{"href":"https:\/\/www.azti.es\/atuneroscongeladores\/wp-json\/wp\/v2\/posts"}],"about":[{"href":"https:\/\/www.azti.es\/atuneroscongeladores\/wp-json\/wp\/v2\/types\/post"}],"author":[{"embeddable":true,"href":"https:\/\/www.azti.es\/atuneroscongeladores\/wp-json\/wp\/v2\/users\/6"}],"replies":[{"embeddable":true,"href":"https:\/\/www.azti.es\/atuneroscongeladores\/wp-json\/wp\/v2\/comments?post=556"}],"version-history":[{"count":2,"href":"https:\/\/www.azti.es\/atuneroscongeladores\/wp-json\/wp\/v2\/posts\/556\/revisions"}],"predecessor-version":[{"id":590,"href":"https:\/\/www.azti.es\/atuneroscongeladores\/wp-json\/wp\/v2\/posts\/556\/revisions\/590"}],"wp:featuredmedia":[{"embeddable":true,"href":"https:\/\/www.azti.es\/atuneroscongeladores\/wp-json\/wp\/v2\/media\/557"}],"wp:attachment":[{"href":"https:\/\/www.azti.es\/atuneroscongeladores\/wp-json\/wp\/v2\/media?parent=556"}],"wp:term":[{"taxonomy":"category","embeddable":true,"href":"https:\/\/www.azti.es\/atuneroscongeladores\/wp-json\/wp\/v2\/categories?post=556"},{"taxonomy":"post_tag","embeddable":true,"href":"https:\/\/www.azti.es\/atuneroscongeladores\/wp-json\/wp\/v2\/tags?post=556"}],"curies":[{"name":"wp","href":"https:\/\/api.w.org\/{rel}","templated":true}]}}